{"id":6412,"date":"2017-03-27T08:57:22","date_gmt":"2017-03-27T06:57:22","guid":{"rendered":"http:\/\/www.internetsoziologie.at\/de\/?p=6412"},"modified":"2017-03-26T14:57:56","modified_gmt":"2017-03-26T12:57:56","slug":"12-internat-for-net-symposium-it-fitness-urheberschutz-datenschutz-blockchain-am-27-28-april","status":"publish","type":"post","link":"https:\/\/www.internetsoziologie.at\/de\/2017\/03\/27\/12-internat-for-net-symposium-it-fitness-urheberschutz-datenschutz-blockchain-am-27-28-april\/","title":{"rendered":"12. Internat. For..Net-Symposium &#8220;IT-Fitness: Urheberschutz. Datenschutz. Blockchain.&#8221; am 27.\/28. April"},"content":{"rendered":"<p>Wie immer leite ich diese Einladung gern weiter:<\/p>\n<p>&#8212; cut &#8212;<\/p>\n<p>Die von Herrn Prof. Dr. Dirk Heckmann geleitete Forschungsstelle f\u00fcr IT-Recht und Netzpolitik (For..Net) veranstaltet am 27. und 28. April 2017 in Passau das nunmehr 12. Internationale For..Net-Symposium: &#8220;IT-Fitness: Urheberschutz. Datenschutz. Blockchain.\u201c. Die Tagung steht unter der Schirmherrschaft der Parlamentarischen Staatssekret\u00e4rin im Bundesministerium f\u00fcr Verkehr und Digitale Infrastruktur, Dorothee B\u00e4r.<\/p>\n<p>Das interessante Tagungsprogramm mit hochkar\u00e4tigen Referenten wie Max Schrems, Datenschutzaktivist, Wien, Dr. Hendrik Wieduwilt, Wirtschaftskorrespondent der F.A.Z., Frankfurt sowie Prof. Dr. Dr. Walter Blocher, Universit\u00e4t Kassel finden Sie unter <a href=\"https:\/\/www.for-net.info\/symposien\/symposium-2017\/programm\/\">https:\/\/www.for-net.info\/symposien\/symposium-2017\/programm\/<\/a>. Zudem findet im Rahmen des Symposiums dieses Jahr der 1. BayWiDI-Kongress statt, bei dem die bisherigen Ergebnisse des Projektes vorgestellt werden.<\/p>\n<p>W\u00e4hrend des traditionellen Galaabends auf der Veste Oberhaus wird bereits zum 4. Mal der For..Net-Award verliehen. Um nicht nur \u201eFit f\u00fcr IT\u201c zu werden, sondern auch \u201eFit trotz IT\u201c zu bleiben, sorgt Firmenfitness by SHENTISPORTS mit Esther Bell zudem f\u00fcr einen schwungvollen Ausgleich.<\/p>\n<p>\u00dcber Ihre Teilnahme am 12. Internationalen For..Net-Symposium w\u00fcrde ich mich sehr freue (Online-Anmeldung unter <a href=\"https:\/\/www.for-net.info\/symposien\/symposium-2017\/anmeldung\/\">https:\/\/www.for-net.info\/symposien\/symposium-2017\/anmeldung\/<\/a>). Eine Tagungsgeb\u00fchr wird nicht erhoben. F\u00fcr R\u00fcckfragen stehe ich Ihnen unter Tel. (0851) 509-2299 oder anne.paschke@uni-passau.de gerne zur Verf\u00fcgung.<\/p>\n","protected":false},"excerpt":{"rendered":"<p>Wie immer leite ich diese Einladung gern weiter: &#8212; cut &#8212; Die von Herrn Prof. Dr. Dirk Heckmann geleitete Forschungsstelle f\u00fcr IT-Recht und Netzpolitik (For..Net) veranstaltet am 27. und 28. &hellip; <\/p>\n","protected":false},"author":1,"featured_media":0,"comment_status":"closed","ping_status":"closed","sticky":false,"template":"","format":"standard","meta":{"footnotes":""},"categories":[1],"tags":[],"class_list":["post-6412","post","type-post","status-publish","format-standard","hentry","category-allgemein"],"_links":{"self":[{"href":"https:\/\/www.internetsoziologie.at\/de\/wp-json\/wp\/v2\/posts\/6412","targetHints":{"allow":["GET"]}}],"collection":[{"href":"https:\/\/www.internetsoziologie.at\/de\/wp-json\/wp\/v2\/posts"}],"about":[{"href":"https:\/\/www.internetsoziologie.at\/de\/wp-json\/wp\/v2\/types\/post"}],"author":[{"embeddable":true,"href":"https:\/\/www.internetsoziologie.at\/de\/wp-json\/wp\/v2\/users\/1"}],"replies":[{"embeddable":true,"href":"https:\/\/www.internetsoziologie.at\/de\/wp-json\/wp\/v2\/comments?post=6412"}],"version-history":[{"count":0,"href":"https:\/\/www.internetsoziologie.at\/de\/wp-json\/wp\/v2\/posts\/6412\/revisions"}],"wp:attachment":[{"href":"https:\/\/www.internetsoziologie.at\/de\/wp-json\/wp\/v2\/media?parent=6412"}],"wp:term":[{"taxonomy":"category","embeddable":true,"href":"https:\/\/www.internetsoziologie.at\/de\/wp-json\/wp\/v2\/categories?post=6412"},{"taxonomy":"post_tag","embeddable":true,"href":"https:\/\/www.internetsoziologie.at\/de\/wp-json\/wp\/v2\/tags?post=6412"}],"curies":[{"name":"wp","href":"https:\/\/api.w.org\/{rel}","templated":true}]}}