{"id":6390,"date":"2017-02-06T09:55:14","date_gmt":"2017-02-06T08:55:14","guid":{"rendered":"http:\/\/www.internetsoziologie.at\/de\/?p=6390"},"modified":"2017-02-05T12:57:05","modified_gmt":"2017-02-05T11:57:05","slug":"16-workshop-des-netzwerks-terrorismusforschung-referentinnen-und-referenten","status":"publish","type":"post","link":"https:\/\/www.internetsoziologie.at\/de\/2017\/02\/06\/16-workshop-des-netzwerks-terrorismusforschung-referentinnen-und-referenten\/","title":{"rendered":"16. Workshop des Netzwerks Terrorismusforschung: Referentinnen und Referenten"},"content":{"rendered":"<p>Am 22. und 23. M\u00e4rz dieses Jahres findet der 16. Workshop unseres Netzwerks Terrorismusforschung statt. Gl\u00fccklicherweise haben wir nicht nur alle Referentinnen und Referenten bekommen, die uns \u00fcberzeugt haben und die wir demzufolge auch unbedingt dabei haben wollten &#8211; wir haben auch wieder fantastische Keynote-Speaker bekommen! Somit sind Nachwuchs und &#8220;alte Hasen&#8221; wieder gleicherma\u00dfen gut vertreten. Deshalb jetzt erstmals ein kleiner Spoiler: Freuen Sie sich u.a. auf<\/p>\n<p>Tom Schreiber, SPD, Mitglied des Abgeordnetenhauses Berlin, verfassungsschutzpolitischer Sprecher der SPD-Fraktion<\/p>\n<p>Andr\u00e9 Schulz, M.A., Erster Kriminalhauptkommissar, Landeskriminalamt Hamburg und Bundesvorsitzender, Bund Deutscher Kriminalbeamter (BDK)<\/p>\n<p>Florian Peil, Sicherheitsberater und Autor des Buches &#8220;Terrorismus &#8211; wie wir uns sch\u00fctzen k\u00f6nnen&#8221;<\/p>\n<p>Hinzu kommen (Stand: 3.2.) drei Nachwuchswissenschaftlerinnen und -wissenschaftler sowie drei Vortr\u00e4ge direkt aus dem NTF-Kreis. Erweiterungen des Tagungsprogramms sind aufgrund der vielen guten Einreichungen aber noch m\u00f6glich &#8211; wir versuchen, alle ad\u00e4quat unterzubringen! Einen vollst\u00e4ndigen Tagungsplan werden wir sp\u00e4testens Mitte Februar ver\u00f6ffentlichen. Der Eintritt ist frei, aber nur nach Voranmeldung m\u00f6glich: stephan.humer @ netzwerk-terrorismusforschung.org<\/p>\n","protected":false},"excerpt":{"rendered":"<p>Am 22. und 23. M\u00e4rz dieses Jahres findet der 16. Workshop unseres Netzwerks Terrorismusforschung statt. Gl\u00fccklicherweise haben wir nicht nur alle Referentinnen und Referenten bekommen, die uns \u00fcberzeugt haben und &hellip; <\/p>\n","protected":false},"author":1,"featured_media":0,"comment_status":"closed","ping_status":"closed","sticky":false,"template":"","format":"standard","meta":{"footnotes":""},"categories":[1],"tags":[],"class_list":["post-6390","post","type-post","status-publish","format-standard","hentry","category-allgemein"],"_links":{"self":[{"href":"https:\/\/www.internetsoziologie.at\/de\/wp-json\/wp\/v2\/posts\/6390","targetHints":{"allow":["GET"]}}],"collection":[{"href":"https:\/\/www.internetsoziologie.at\/de\/wp-json\/wp\/v2\/posts"}],"about":[{"href":"https:\/\/www.internetsoziologie.at\/de\/wp-json\/wp\/v2\/types\/post"}],"author":[{"embeddable":true,"href":"https:\/\/www.internetsoziologie.at\/de\/wp-json\/wp\/v2\/users\/1"}],"replies":[{"embeddable":true,"href":"https:\/\/www.internetsoziologie.at\/de\/wp-json\/wp\/v2\/comments?post=6390"}],"version-history":[{"count":0,"href":"https:\/\/www.internetsoziologie.at\/de\/wp-json\/wp\/v2\/posts\/6390\/revisions"}],"wp:attachment":[{"href":"https:\/\/www.internetsoziologie.at\/de\/wp-json\/wp\/v2\/media?parent=6390"}],"wp:term":[{"taxonomy":"category","embeddable":true,"href":"https:\/\/www.internetsoziologie.at\/de\/wp-json\/wp\/v2\/categories?post=6390"},{"taxonomy":"post_tag","embeddable":true,"href":"https:\/\/www.internetsoziologie.at\/de\/wp-json\/wp\/v2\/tags?post=6390"}],"curies":[{"name":"wp","href":"https:\/\/api.w.org\/{rel}","templated":true}]}}